{"id":1665,"date":"2025-03-31T07:23:24","date_gmt":"2025-03-31T07:23:24","guid":{"rendered":"https:\/\/hosting161387eu-cp7034.wordpresstemporal.com\/diaadia\/?p=1665"},"modified":"2025-03-31T07:23:24","modified_gmt":"2025-03-31T07:23:24","slug":"superar-depresion-y-recuperar-bienestar-emocional","status":"publish","type":"post","link":"https:\/\/hosting161387eu-cp7034.wordpresstemporal.com\/diaadia\/superar-depresion-y-recuperar-bienestar-emocional\/","title":{"rendered":"C\u00f3mo superar la depresi\u00f3n y recuperar el bienestar emocional"},"content":{"rendered":"[vc_row][vc_column][vc_empty_space height=\u00bb100px\u00bb][vc_single_image source=\u00bbfeatured_image\u00bb][vc_empty_space height=\u00bb12px\u00bb]<div class=\"vcex-module vcex-page-title\"><h1 class=\"wpex-heading wpex-text-3xl\" style=\"font-size:35px;\">C\u00f3mo superar la depresi\u00f3n y recuperar el bienestar emocional<\/h1><\/div>[vc_empty_space height=\u00bb12px\u00bb][vc_column_text]La <strong>depresi\u00f3n<\/strong> no es simplemente un estado de tristeza pasajero, sino una condici\u00f3n que afecta profundamente el bienestar, limitando la capacidad de disfrutar la vida. Abandonar esta situaci\u00f3n requiere un enfoque integral que abarque tanto el plano emocional como el f\u00edsico. No se trata de encontrar una soluci\u00f3n r\u00e1pida, sino de adoptar estrategias eficaces que favorezcan la recuperaci\u00f3n. Comprender las causas, identificar los factores que la perpet\u00faan y aplicar m\u00e9todos de intervenci\u00f3n efectivos resulta crucial para restablecer el equilibrio.<\/p>\n<h2>Identificar los desencadenantes de la depresi\u00f3n<\/h2>\n<p>Cada caso de <strong>depresi\u00f3n<\/strong> es \u00fanico, pero existen patrones comunes que pueden favorecer su desarrollo. Experiencias traum\u00e1ticas, conflictos personales, presi\u00f3n laboral o acad\u00e9mica, enfermedades cr\u00f3nicas y desequilibrios qu\u00edmicos en el cerebro pueden ser factores subyacentes. La introspecci\u00f3n permite detectar aquellos aspectos que han contribuido al deterioro del estado emocional, facilitando la implementaci\u00f3n de cambios dirigidos a mejorar la calidad de vida.<\/p>\n<p>Las emociones reprimidas suelen jugar un papel determinante. La acumulaci\u00f3n de frustraciones no expresadas incrementa la sensaci\u00f3n de desamparo. Abordar estas cuestiones con ayuda profesional puede ser clave para evitar que el malestar se prolongue.<\/p>\n<h2>El papel de la psicoterapia en la recuperaci\u00f3n<\/h2>\n<p>Un tratamiento psicol\u00f3gico adecuado representa una de las herramientas m\u00e1s eficaces para vencer la <strong>depresi\u00f3n<\/strong>. La terapia cognitivo-conductual ha demostrado ser altamente efectiva en la reestructuraci\u00f3n de patrones de pensamiento negativos. Modificar la interpretaci\u00f3n de los acontecimientos y aprender a gestionar las emociones permite reducir significativamente los s\u00edntomas.<\/p>\n<p>La terapia no solo se enfoca en comprender el origen del problema, sino que dota de recursos para afrontar los desaf\u00edos cotidianos con mayor resiliencia. Existen diversas modalidades terap\u00e9uticas, desde el psicoan\u00e1lisis hasta enfoques m\u00e1s din\u00e1micos que integran t\u00e9cnicas de mindfulness o terapias de tercera generaci\u00f3n. Adaptar el tratamiento a las necesidades espec\u00edficas de cada persona garantiza mejores resultados.<\/p>\n<h2>La importancia del ejercicio f\u00edsico en la regulaci\u00f3n emocional<\/h2>\n<p>El cuerpo y la mente est\u00e1n estrechamente conectados. Mantenerse f\u00edsicamente activo contribuye a la producci\u00f3n de neurotransmisores que generan bienestar, como la <strong>serotonina<\/strong> y la <strong>dopamina<\/strong>. Ejercicios aer\u00f3bicos, yoga o entrenamientos de fuerza ayudan a reducir la tensi\u00f3n acumulada y mejoran la percepci\u00f3n de control sobre la propia vida.<\/p>\n<p>El impacto positivo del movimiento en el estado an\u00edmico se debe a su capacidad para disminuir los niveles de cortisol, la hormona del estr\u00e9s. Incorporar actividad f\u00edsica en la rutina diaria, aunque sea de manera gradual, favorece una mejor respuesta emocional frente a las adversidades.<\/p>\n<h2>El sue\u00f1o y su relaci\u00f3n con la salud mental<\/h2>\n<p>Un descanso deficiente agrava los s\u00edntomas depresivos, afectando la concentraci\u00f3n, el estado de \u00e1nimo y la capacidad de afrontar situaciones complejas. Regular los horarios de sue\u00f1o y optimizar la higiene del descanso permite recuperar energ\u00eda y estabilizar el sistema nervioso.<\/p>\n<p>Dormir en un ambiente propicio, libre de est\u00edmulos que interfieran con la producci\u00f3n de <strong>melatonina<\/strong>, ayuda a mejorar la calidad del sue\u00f1o. Evitar dispositivos electr\u00f3nicos antes de acostarse y establecer rutinas nocturnas contribuye a reducir la hiperactivaci\u00f3n mental que impide el descanso profundo.<\/p>\n<h2>Alimentaci\u00f3n y equilibrio emocional<\/h2>\n<p>La <strong>nutrici\u00f3n<\/strong> juega un papel determinante en la regulaci\u00f3n de las emociones. Deficiencias en nutrientes esenciales como los <strong>\u00e1cidos grasos Omega-3<\/strong>, el <strong>magnesio<\/strong> o las <strong>vitaminas del grupo B<\/strong> pueden agravar la sintomatolog\u00eda depresiva.<\/p>\n<p>Mantener una alimentaci\u00f3n basada en productos naturales, evitando ultraprocesados y az\u00facares refinados, favorece el equilibrio qu\u00edmico del cerebro. El consumo de alimentos ricos en tript\u00f3fano, como el pl\u00e1tano o el chocolate negro, facilita la s\u00edntesis de serotonina, mejorando el estado an\u00edmico de forma natural.<\/p>\n<h2>Romper el aislamiento y fortalecer las relaciones interpersonales<\/h2>\n<p>La <strong>soledad<\/strong> prolongada acent\u00faa la sensaci\u00f3n de desesperanza. Aunque en los momentos de mayor vulnerabilidad el aislamiento puede parecer la opci\u00f3n m\u00e1s f\u00e1cil, mantener v\u00ednculos sociales reduce el impacto negativo de la <strong>depresi\u00f3n<\/strong>. Conversar con personas de confianza, expresar emociones sin temor a ser juzgado y compartir experiencias contribuye a recuperar el sentido de pertenencia.<\/p>\n<p>No se trata \u00fanicamente de recibir apoyo, sino tambi\u00e9n de fortalecer la empat\u00eda y la conexi\u00f3n con los dem\u00e1s. La interacci\u00f3n social fomenta la producci\u00f3n de oxitocina, un neurotransmisor clave en la regulaci\u00f3n del estr\u00e9s y la estabilidad emocional.<\/p>\n<h2>El impacto del pensamiento positivo en la recuperaci\u00f3n<\/h2>\n<p>Los patrones de pensamiento influyen directamente en la percepci\u00f3n de la realidad. La tendencia a centrarse en lo negativo refuerza la sensaci\u00f3n de malestar, generando un c\u00edrculo vicioso dif\u00edcil de romper. Entrenar la mente para identificar aspectos positivos, por m\u00ednimos que sean, ayuda a modificar la manera en que se afrontan los problemas.<\/p>\n<p>El <strong>agradecimiento<\/strong> es una estrategia sencilla pero poderosa para reconfigurar la mentalidad. Dedicar unos minutos al d\u00eda a reflexionar sobre peque\u00f1os logros o experiencias gratificantes genera cambios significativos en la perspectiva emocional.<\/p>\n<h2>Recuperar la motivaci\u00f3n y establecer metas alcanzables<\/h2>\n<p>Uno de los mayores desaf\u00edos de la <strong>depresi\u00f3n<\/strong> es la p\u00e9rdida de inter\u00e9s en las actividades que antes resultaban placenteras. Retomar gradualmente aquellas que aportaban satisfacci\u00f3n ayuda a reconstruir la motivaci\u00f3n. No es necesario establecer objetivos ambiciosos de inmediato, sino peque\u00f1os avances que permitan recuperar la sensaci\u00f3n de logro.<\/p>\n<p>Marcar metas realistas proporciona estructura y sentido a la rutina diaria. Cada paso alcanzado refuerza la confianza en la capacidad de superar la adversidad, creando un efecto acumulativo que facilita la recuperaci\u00f3n.<\/p>\n<h2>Buscar ayuda profesional cuando sea necesario<\/h2>\n<p>Existen casos en los que la <strong>depresi\u00f3n<\/strong> requiere un abordaje m\u00e1s profundo. Consultar con un especialista permite recibir un diagn\u00f3stico preciso y definir el tratamiento m\u00e1s adecuado. En algunos casos, la combinaci\u00f3n de terapia psicol\u00f3gica y tratamiento farmacol\u00f3gico puede ser la mejor opci\u00f3n para restablecer el equilibrio emocional.<\/p>\n<p>Es importante desmitificar la idea de que solicitar ayuda es una muestra de debilidad. Reconocer la necesidad de apoyo demuestra valent\u00eda y compromiso con el propio bienestar. Iniciar un proceso terap\u00e9utico es una inversi\u00f3n en la salud mental que puede transformar por completo la calidad de vida.[\/vc_column_text][\/vc_column][\/vc_row]\n","protected":false},"excerpt":{"rendered":"<p>[vc_row][vc_column][vc_empty_space height=\u00bb100px\u00bb][vc_single_image source=\u00bbfeatured_image\u00bb][vc_empty_space height=\u00bb12px\u00bb][vc_empty_space height=\u00bb12px\u00bb][vc_column_text]La depresi\u00f3n no es simplemente un estado de tristeza pasajero, sino una condici\u00f3n que afecta profundamente el bienestar, limitando la capacidad de disfrutar la vida. Abandonar esta situaci\u00f3n requiere un enfoque integral que abarque tanto el&hellip;<\/p>\n","protected":false},"author":4,"featured_media":1666,"comment_status":"closed","ping_status":"closed","sticky":false,"template":"","format":"standard","meta":{"footnotes":""},"categories":[8],"tags":[],"post_series":[],"class_list":["post-1665","post","type-post","status-publish","format-standard","has-post-thumbnail","hentry","category-blog-psicologia","entry","has-media"],"yoast_head":"<!-- This site is optimized with the Yoast SEO plugin v24.8.1 - https:\/\/yoast.com\/wordpress\/plugins\/seo\/ -->\n<title>C\u00f3mo superar la depresi\u00f3n y recuperar el bienestar emocional<\/title>\n<meta name=\"description\" content=\"Recuperarse de una depresi\u00f3n requiere un enfoque integral que abarque tanto el plano emocional como el f\u00edsico.\" \/>\n<meta name=\"robots\" content=\"index, follow, max-snippet:-1, max-image-preview:large, max-video-preview:-1\" \/>\n<link rel=\"canonical\" href=\"https:\/\/hosting161387eu-cp7034.wordpresstemporal.com\/diaadia\/superar-depresion-y-recuperar-bienestar-emocional\/\" \/>\n<meta property=\"og:locale\" content=\"es_ES\" \/>\n<meta property=\"og:type\" content=\"article\" \/>\n<meta property=\"og:title\" content=\"C\u00f3mo superar la depresi\u00f3n y recuperar el bienestar emocional\" \/>\n<meta property=\"og:description\" content=\"Recuperarse de una depresi\u00f3n requiere un enfoque integral que abarque tanto el plano emocional como el f\u00edsico.\" \/>\n<meta property=\"og:url\" content=\"https:\/\/hosting161387eu-cp7034.wordpresstemporal.com\/diaadia\/superar-depresion-y-recuperar-bienestar-emocional\/\" \/>\n<meta property=\"og:site_name\" content=\"Centro D\u00eda a D\u00eda\" \/>\n<meta property=\"article:published_time\" content=\"2025-03-31T07:23:24+00:00\" \/>\n<meta property=\"og:image\" content=\"https:\/\/hosting161387eu-cp7034.wordpresstemporal.com\/diaadia\/wp-content\/uploads\/2025\/03\/recuperar_bienestar_emocional.jpg\" \/>\n\t<meta property=\"og:image:width\" content=\"1500\" \/>\n\t<meta property=\"og:image:height\" content=\"1000\" \/>\n\t<meta property=\"og:image:type\" content=\"image\/jpeg\" \/>\n<meta name=\"author\" content=\"begobdesign\" \/>\n<meta name=\"twitter:card\" content=\"summary_large_image\" \/>\n<meta name=\"twitter:label1\" content=\"Escrito por\" \/>\n\t<meta name=\"twitter:data1\" content=\"begobdesign\" \/>\n\t<meta name=\"twitter:label2\" content=\"Tiempo de lectura\" \/>\n\t<meta name=\"twitter:data2\" content=\"5 minutos\" \/>\n<script type=\"application\/ld+json\" class=\"yoast-schema-graph\">{\"@context\":\"https:\/\/schema.org\",\"@graph\":[{\"@type\":\"Article\",\"@id\":\"https:\/\/hosting161387eu-cp7034.wordpresstemporal.com\/diaadia\/superar-depresion-y-recuperar-bienestar-emocional\/#article\",\"isPartOf\":{\"@id\":\"https:\/\/hosting161387eu-cp7034.wordpresstemporal.com\/diaadia\/superar-depresion-y-recuperar-bienestar-emocional\/\"},\"author\":{\"name\":\"begobdesign\",\"@id\":\"https:\/\/hosting161387eu-cp7034.wordpresstemporal.com\/diaadia\/#\/schema\/person\/627012aee20f3860a9790db87f9ccb68\"},\"headline\":\"C\u00f3mo superar la depresi\u00f3n y recuperar el bienestar emocional\",\"datePublished\":\"2025-03-31T07:23:24+00:00\",\"mainEntityOfPage\":{\"@id\":\"https:\/\/hosting161387eu-cp7034.wordpresstemporal.com\/diaadia\/superar-depresion-y-recuperar-bienestar-emocional\/\"},\"wordCount\":1121,\"publisher\":{\"@id\":\"https:\/\/hosting161387eu-cp7034.wordpresstemporal.com\/diaadia\/#organization\"},\"image\":{\"@id\":\"https:\/\/hosting161387eu-cp7034.wordpresstemporal.com\/diaadia\/superar-depresion-y-recuperar-bienestar-emocional\/#primaryimage\"},\"thumbnailUrl\":\"https:\/\/hosting161387eu-cp7034.wordpresstemporal.com\/diaadia\/wp-content\/uploads\/2025\/03\/recuperar_bienestar_emocional.jpg\",\"articleSection\":[\"Blog Psicolog\u00eda\"],\"inLanguage\":\"es\"},{\"@type\":\"WebPage\",\"@id\":\"https:\/\/hosting161387eu-cp7034.wordpresstemporal.com\/diaadia\/superar-depresion-y-recuperar-bienestar-emocional\/\",\"url\":\"https:\/\/hosting161387eu-cp7034.wordpresstemporal.com\/diaadia\/superar-depresion-y-recuperar-bienestar-emocional\/\",\"name\":\"C\u00f3mo superar la depresi\u00f3n y recuperar el bienestar emocional\",\"isPartOf\":{\"@id\":\"https:\/\/hosting161387eu-cp7034.wordpresstemporal.com\/diaadia\/#website\"},\"primaryImageOfPage\":{\"@id\":\"https:\/\/hosting161387eu-cp7034.wordpresstemporal.com\/diaadia\/superar-depresion-y-recuperar-bienestar-emocional\/#primaryimage\"},\"image\":{\"@id\":\"https:\/\/hosting161387eu-cp7034.wordpresstemporal.com\/diaadia\/superar-depresion-y-recuperar-bienestar-emocional\/#primaryimage\"},\"thumbnailUrl\":\"https:\/\/hosting161387eu-cp7034.wordpresstemporal.com\/diaadia\/wp-content\/uploads\/2025\/03\/recuperar_bienestar_emocional.jpg\",\"datePublished\":\"2025-03-31T07:23:24+00:00\",\"description\":\"Recuperarse de una depresi\u00f3n requiere un enfoque integral que abarque tanto el plano emocional como el f\u00edsico.\",\"breadcrumb\":{\"@id\":\"https:\/\/hosting161387eu-cp7034.wordpresstemporal.com\/diaadia\/superar-depresion-y-recuperar-bienestar-emocional\/#breadcrumb\"},\"inLanguage\":\"es\",\"potentialAction\":[{\"@type\":\"ReadAction\",\"target\":[\"https:\/\/hosting161387eu-cp7034.wordpresstemporal.com\/diaadia\/superar-depresion-y-recuperar-bienestar-emocional\/\"]}]},{\"@type\":\"ImageObject\",\"inLanguage\":\"es\",\"@id\":\"https:\/\/hosting161387eu-cp7034.wordpresstemporal.com\/diaadia\/superar-depresion-y-recuperar-bienestar-emocional\/#primaryimage\",\"url\":\"https:\/\/hosting161387eu-cp7034.wordpresstemporal.com\/diaadia\/wp-content\/uploads\/2025\/03\/recuperar_bienestar_emocional.jpg\",\"contentUrl\":\"https:\/\/hosting161387eu-cp7034.wordpresstemporal.com\/diaadia\/wp-content\/uploads\/2025\/03\/recuperar_bienestar_emocional.jpg\",\"width\":1500,\"height\":1000,\"caption\":\"recuperar bienestar emocional\"},{\"@type\":\"BreadcrumbList\",\"@id\":\"https:\/\/hosting161387eu-cp7034.wordpresstemporal.com\/diaadia\/superar-depresion-y-recuperar-bienestar-emocional\/#breadcrumb\",\"itemListElement\":[{\"@type\":\"ListItem\",\"position\":1,\"name\":\"Portada\",\"item\":\"https:\/\/hosting161387eu-cp7034.wordpresstemporal.com\/diaadia\/\"},{\"@type\":\"ListItem\",\"position\":2,\"name\":\"C\u00f3mo superar la depresi\u00f3n y recuperar el bienestar emocional\"}]},{\"@type\":\"WebSite\",\"@id\":\"https:\/\/hosting161387eu-cp7034.wordpresstemporal.com\/diaadia\/#website\",\"url\":\"https:\/\/hosting161387eu-cp7034.wordpresstemporal.com\/diaadia\/\",\"name\":\"Centro D\u00eda a D\u00eda\",\"description\":\"Psicolog\u00eda Valencia\",\"publisher\":{\"@id\":\"https:\/\/hosting161387eu-cp7034.wordpresstemporal.com\/diaadia\/#organization\"},\"potentialAction\":[{\"@type\":\"SearchAction\",\"target\":{\"@type\":\"EntryPoint\",\"urlTemplate\":\"https:\/\/hosting161387eu-cp7034.wordpresstemporal.com\/diaadia\/?s={search_term_string}\"},\"query-input\":{\"@type\":\"PropertyValueSpecification\",\"valueRequired\":true,\"valueName\":\"search_term_string\"}}],\"inLanguage\":\"es\"},{\"@type\":\"Organization\",\"@id\":\"https:\/\/hosting161387eu-cp7034.wordpresstemporal.com\/diaadia\/#organization\",\"name\":\"PSICOLOGIA DIA A DIA\",\"url\":\"https:\/\/hosting161387eu-cp7034.wordpresstemporal.com\/diaadia\/\",\"logo\":{\"@type\":\"ImageObject\",\"inLanguage\":\"es\",\"@id\":\"https:\/\/hosting161387eu-cp7034.wordpresstemporal.com\/diaadia\/#\/schema\/logo\/image\/\",\"url\":\"https:\/\/hosting161387eu-cp7034.wordpresstemporal.com\/diaadia\/wp-content\/uploads\/2016\/12\/logo-psicologia-dia-a-dia.png\",\"contentUrl\":\"https:\/\/hosting161387eu-cp7034.wordpresstemporal.com\/diaadia\/wp-content\/uploads\/2016\/12\/logo-psicologia-dia-a-dia.png\",\"width\":680,\"height\":312,\"caption\":\"PSICOLOGIA DIA A DIA\"},\"image\":{\"@id\":\"https:\/\/hosting161387eu-cp7034.wordpresstemporal.com\/diaadia\/#\/schema\/logo\/image\/\"}},{\"@type\":\"Person\",\"@id\":\"https:\/\/hosting161387eu-cp7034.wordpresstemporal.com\/diaadia\/#\/schema\/person\/627012aee20f3860a9790db87f9ccb68\",\"name\":\"begobdesign\",\"url\":\"https:\/\/hosting161387eu-cp7034.wordpresstemporal.com\/diaadia\/author\/begobdesign\/\"}]}<\/script>\n<!-- \/ Yoast SEO plugin. -->","yoast_head_json":{"title":"C\u00f3mo superar la depresi\u00f3n y recuperar el bienestar emocional","description":"Recuperarse de una depresi\u00f3n requiere un enfoque integral que abarque tanto el plano emocional como el f\u00edsico.","robots":{"index":"index","follow":"follow","max-snippet":"max-snippet:-1","max-image-preview":"max-image-preview:large","max-video-preview":"max-video-preview:-1"},"canonical":"https:\/\/hosting161387eu-cp7034.wordpresstemporal.com\/diaadia\/superar-depresion-y-recuperar-bienestar-emocional\/","og_locale":"es_ES","og_type":"article","og_title":"C\u00f3mo superar la depresi\u00f3n y recuperar el bienestar emocional","og_description":"Recuperarse de una depresi\u00f3n requiere un enfoque integral que abarque tanto el plano emocional como el f\u00edsico.","og_url":"https:\/\/hosting161387eu-cp7034.wordpresstemporal.com\/diaadia\/superar-depresion-y-recuperar-bienestar-emocional\/","og_site_name":"Centro D\u00eda a D\u00eda","article_published_time":"2025-03-31T07:23:24+00:00","og_image":[{"width":1500,"height":1000,"url":"https:\/\/hosting161387eu-cp7034.wordpresstemporal.com\/diaadia\/wp-content\/uploads\/2025\/03\/recuperar_bienestar_emocional.jpg","type":"image\/jpeg"}],"author":"begobdesign","twitter_card":"summary_large_image","twitter_misc":{"Escrito por":"begobdesign","Tiempo de lectura":"5 minutos"},"schema":{"@context":"https:\/\/schema.org","@graph":[{"@type":"Article","@id":"https:\/\/hosting161387eu-cp7034.wordpresstemporal.com\/diaadia\/superar-depresion-y-recuperar-bienestar-emocional\/#article","isPartOf":{"@id":"https:\/\/hosting161387eu-cp7034.wordpresstemporal.com\/diaadia\/superar-depresion-y-recuperar-bienestar-emocional\/"},"author":{"name":"begobdesign","@id":"https:\/\/hosting161387eu-cp7034.wordpresstemporal.com\/diaadia\/#\/schema\/person\/627012aee20f3860a9790db87f9ccb68"},"headline":"C\u00f3mo superar la depresi\u00f3n y recuperar el bienestar emocional","datePublished":"2025-03-31T07:23:24+00:00","mainEntityOfPage":{"@id":"https:\/\/hosting161387eu-cp7034.wordpresstemporal.com\/diaadia\/superar-depresion-y-recuperar-bienestar-emocional\/"},"wordCount":1121,"publisher":{"@id":"https:\/\/hosting161387eu-cp7034.wordpresstemporal.com\/diaadia\/#organization"},"image":{"@id":"https:\/\/hosting161387eu-cp7034.wordpresstemporal.com\/diaadia\/superar-depresion-y-recuperar-bienestar-emocional\/#primaryimage"},"thumbnailUrl":"https:\/\/hosting161387eu-cp7034.wordpresstemporal.com\/diaadia\/wp-content\/uploads\/2025\/03\/recuperar_bienestar_emocional.jpg","articleSection":["Blog Psicolog\u00eda"],"inLanguage":"es"},{"@type":"WebPage","@id":"https:\/\/hosting161387eu-cp7034.wordpresstemporal.com\/diaadia\/superar-depresion-y-recuperar-bienestar-emocional\/","url":"https:\/\/hosting161387eu-cp7034.wordpresstemporal.com\/diaadia\/superar-depresion-y-recuperar-bienestar-emocional\/","name":"C\u00f3mo superar la depresi\u00f3n y recuperar el bienestar emocional","isPartOf":{"@id":"https:\/\/hosting161387eu-cp7034.wordpresstemporal.com\/diaadia\/#website"},"primaryImageOfPage":{"@id":"https:\/\/hosting161387eu-cp7034.wordpresstemporal.com\/diaadia\/superar-depresion-y-recuperar-bienestar-emocional\/#primaryimage"},"image":{"@id":"https:\/\/hosting161387eu-cp7034.wordpresstemporal.com\/diaadia\/superar-depresion-y-recuperar-bienestar-emocional\/#primaryimage"},"thumbnailUrl":"https:\/\/hosting161387eu-cp7034.wordpresstemporal.com\/diaadia\/wp-content\/uploads\/2025\/03\/recuperar_bienestar_emocional.jpg","datePublished":"2025-03-31T07:23:24+00:00","description":"Recuperarse de una depresi\u00f3n requiere un enfoque integral que abarque tanto el plano emocional como el f\u00edsico.","breadcrumb":{"@id":"https:\/\/hosting161387eu-cp7034.wordpresstemporal.com\/diaadia\/superar-depresion-y-recuperar-bienestar-emocional\/#breadcrumb"},"inLanguage":"es","potentialAction":[{"@type":"ReadAction","target":["https:\/\/hosting161387eu-cp7034.wordpresstemporal.com\/diaadia\/superar-depresion-y-recuperar-bienestar-emocional\/"]}]},{"@type":"ImageObject","inLanguage":"es","@id":"https:\/\/hosting161387eu-cp7034.wordpresstemporal.com\/diaadia\/superar-depresion-y-recuperar-bienestar-emocional\/#primaryimage","url":"https:\/\/hosting161387eu-cp7034.wordpresstemporal.com\/diaadia\/wp-content\/uploads\/2025\/03\/recuperar_bienestar_emocional.jpg","contentUrl":"https:\/\/hosting161387eu-cp7034.wordpresstemporal.com\/diaadia\/wp-content\/uploads\/2025\/03\/recuperar_bienestar_emocional.jpg","width":1500,"height":1000,"caption":"recuperar bienestar emocional"},{"@type":"BreadcrumbList","@id":"https:\/\/hosting161387eu-cp7034.wordpresstemporal.com\/diaadia\/superar-depresion-y-recuperar-bienestar-emocional\/#breadcrumb","itemListElement":[{"@type":"ListItem","position":1,"name":"Portada","item":"https:\/\/hosting161387eu-cp7034.wordpresstemporal.com\/diaadia\/"},{"@type":"ListItem","position":2,"name":"C\u00f3mo superar la depresi\u00f3n y recuperar el bienestar emocional"}]},{"@type":"WebSite","@id":"https:\/\/hosting161387eu-cp7034.wordpresstemporal.com\/diaadia\/#website","url":"https:\/\/hosting161387eu-cp7034.wordpresstemporal.com\/diaadia\/","name":"Centro D\u00eda a D\u00eda","description":"Psicolog\u00eda Valencia","publisher":{"@id":"https:\/\/hosting161387eu-cp7034.wordpresstemporal.com\/diaadia\/#organization"},"potentialAction":[{"@type":"SearchAction","target":{"@type":"EntryPoint","urlTemplate":"https:\/\/hosting161387eu-cp7034.wordpresstemporal.com\/diaadia\/?s={search_term_string}"},"query-input":{"@type":"PropertyValueSpecification","valueRequired":true,"valueName":"search_term_string"}}],"inLanguage":"es"},{"@type":"Organization","@id":"https:\/\/hosting161387eu-cp7034.wordpresstemporal.com\/diaadia\/#organization","name":"PSICOLOGIA DIA A DIA","url":"https:\/\/hosting161387eu-cp7034.wordpresstemporal.com\/diaadia\/","logo":{"@type":"ImageObject","inLanguage":"es","@id":"https:\/\/hosting161387eu-cp7034.wordpresstemporal.com\/diaadia\/#\/schema\/logo\/image\/","url":"https:\/\/hosting161387eu-cp7034.wordpresstemporal.com\/diaadia\/wp-content\/uploads\/2016\/12\/logo-psicologia-dia-a-dia.png","contentUrl":"https:\/\/hosting161387eu-cp7034.wordpresstemporal.com\/diaadia\/wp-content\/uploads\/2016\/12\/logo-psicologia-dia-a-dia.png","width":680,"height":312,"caption":"PSICOLOGIA DIA A DIA"},"image":{"@id":"https:\/\/hosting161387eu-cp7034.wordpresstemporal.com\/diaadia\/#\/schema\/logo\/image\/"}},{"@type":"Person","@id":"https:\/\/hosting161387eu-cp7034.wordpresstemporal.com\/diaadia\/#\/schema\/person\/627012aee20f3860a9790db87f9ccb68","name":"begobdesign","url":"https:\/\/hosting161387eu-cp7034.wordpresstemporal.com\/diaadia\/author\/begobdesign\/"}]}},"_links":{"self":[{"href":"https:\/\/hosting161387eu-cp7034.wordpresstemporal.com\/diaadia\/wp-json\/wp\/v2\/posts\/1665","targetHints":{"allow":["GET"]}}],"collection":[{"href":"https:\/\/hosting161387eu-cp7034.wordpresstemporal.com\/diaadia\/wp-json\/wp\/v2\/posts"}],"about":[{"href":"https:\/\/hosting161387eu-cp7034.wordpresstemporal.com\/diaadia\/wp-json\/wp\/v2\/types\/post"}],"author":[{"embeddable":true,"href":"https:\/\/hosting161387eu-cp7034.wordpresstemporal.com\/diaadia\/wp-json\/wp\/v2\/users\/4"}],"replies":[{"embeddable":true,"href":"https:\/\/hosting161387eu-cp7034.wordpresstemporal.com\/diaadia\/wp-json\/wp\/v2\/comments?post=1665"}],"version-history":[{"count":3,"href":"https:\/\/hosting161387eu-cp7034.wordpresstemporal.com\/diaadia\/wp-json\/wp\/v2\/posts\/1665\/revisions"}],"predecessor-version":[{"id":1669,"href":"https:\/\/hosting161387eu-cp7034.wordpresstemporal.com\/diaadia\/wp-json\/wp\/v2\/posts\/1665\/revisions\/1669"}],"wp:featuredmedia":[{"embeddable":true,"href":"https:\/\/hosting161387eu-cp7034.wordpresstemporal.com\/diaadia\/wp-json\/wp\/v2\/media\/1666"}],"wp:attachment":[{"href":"https:\/\/hosting161387eu-cp7034.wordpresstemporal.com\/diaadia\/wp-json\/wp\/v2\/media?parent=1665"}],"wp:term":[{"taxonomy":"category","embeddable":true,"href":"https:\/\/hosting161387eu-cp7034.wordpresstemporal.com\/diaadia\/wp-json\/wp\/v2\/categories?post=1665"},{"taxonomy":"post_tag","embeddable":true,"href":"https:\/\/hosting161387eu-cp7034.wordpresstemporal.com\/diaadia\/wp-json\/wp\/v2\/tags?post=1665"},{"taxonomy":"post_series","embeddable":true,"href":"https:\/\/hosting161387eu-cp7034.wordpresstemporal.com\/diaadia\/wp-json\/wp\/v2\/post_series?post=1665"}],"curies":[{"name":"wp","href":"https:\/\/api.w.org\/{rel}","templated":true}]}}